{"id":1323,"date":"2016-08-19T10:59:08","date_gmt":"2016-08-19T08:59:08","guid":{"rendered":"http:\/\/www.ku-germany.de\/wordpress\/index.php\/?p=1323"},"modified":"2017-03-07T21:09:43","modified_gmt":"2017-03-07T20:09:43","slug":"treffen-sich-zwei-flaschen-sagt-die-eine-zur-anderen-five","status":"publish","type":"post","link":"https:\/\/www.ku-germany.de\/wordpress\/?p=1323","title":{"rendered":"Treffen sich zwei Flaschen; sagt die eine zur anderen: &#8220;Five!&#8221;"},"content":{"rendered":"<p style=\"text-align: justify;\">Schon wieder vorbei &#8211; eine Woche, verflogen und zu &#8220;dirt in the ground&#8221; im Laubwald der Erlebnisse geworden &#8230; oder jedenfalls auf dem besten Weg dorthin.<\/p>\n<p style=\"text-align: justify;\">F\u00fcr mich ist es die wichtigste Veranstaltung im KU-Seminarjahr. Sie bietet die M\u00f6glichkeit an einzelnen Themen fokussiert \u00fcber ein paar Tage hinweg zu arbeiten, sich ohne Zeitdruck auch nach den eigentlichen Trainingseinheiten auszutauschen, Ziele zu setzen, zu erreichen, den eigenen Fortschritt unter eigene oder fremde Beobachtung zu stellen oder auch genau das zu unterlassen. Ziele und ihre Erreichung waren ein von Dinah und Sven eingebrachter Kristallisationskeim f\u00fcr (nicht immer kristallklare aber doch) ausfallende Gedanken und Gespr\u00e4che.<\/p>\n<p style=\"text-align: justify;\"><a href=\"http:\/\/www.ku-germany.de\/wordpress\/wp-content\/uploads\/IMG_1137-Kopie.jpg\"><img loading=\"lazy\" decoding=\"async\" class=\"wp-image-1337 alignnone\" src=\"http:\/\/www.ku-germany.de\/wordpress\/wp-content\/uploads\/IMG_1137-Kopie-300x225.jpg\" alt=\"Frauensee\" width=\"200\" height=\"150\" srcset=\"https:\/\/www.ku-germany.de\/wordpress\/wp-content\/uploads\/IMG_1137-Kopie-300x225.jpg 300w, https:\/\/www.ku-germany.de\/wordpress\/wp-content\/uploads\/IMG_1137-Kopie-768x576.jpg 768w, https:\/\/www.ku-germany.de\/wordpress\/wp-content\/uploads\/IMG_1137-Kopie.jpg 1024w, https:\/\/www.ku-germany.de\/wordpress\/wp-content\/uploads\/IMG_1137-Kopie-100x75.jpg 100w, https:\/\/www.ku-germany.de\/wordpress\/wp-content\/uploads\/IMG_1137-Kopie-150x113.jpg 150w, https:\/\/www.ku-germany.de\/wordpress\/wp-content\/uploads\/IMG_1137-Kopie-200x150.jpg 200w, https:\/\/www.ku-germany.de\/wordpress\/wp-content\/uploads\/IMG_1137-Kopie-450x338.jpg 450w, https:\/\/www.ku-germany.de\/wordpress\/wp-content\/uploads\/IMG_1137-Kopie-600x450.jpg 600w, https:\/\/www.ku-germany.de\/wordpress\/wp-content\/uploads\/IMG_1137-Kopie-900x675.jpg 900w\" sizes=\"auto, (max-width: 200px) 100vw, 200px\" \/><\/a>\u00a0<a href=\"http:\/\/www.ku-germany.de\/wordpress\/wp-content\/uploads\/IMG_1124-Kopie.jpg\"><img loading=\"lazy\" decoding=\"async\" class=\"alignnone wp-image-1335\" src=\"http:\/\/www.ku-germany.de\/wordpress\/wp-content\/uploads\/IMG_1124-Kopie-300x225.jpg\" alt=\"IMG_1124 Kopie\" width=\"200\" height=\"150\" srcset=\"https:\/\/www.ku-germany.de\/wordpress\/wp-content\/uploads\/IMG_1124-Kopie-300x225.jpg 300w, https:\/\/www.ku-germany.de\/wordpress\/wp-content\/uploads\/IMG_1124-Kopie-768x576.jpg 768w, https:\/\/www.ku-germany.de\/wordpress\/wp-content\/uploads\/IMG_1124-Kopie.jpg 1024w, https:\/\/www.ku-germany.de\/wordpress\/wp-content\/uploads\/IMG_1124-Kopie-100x75.jpg 100w, https:\/\/www.ku-germany.de\/wordpress\/wp-content\/uploads\/IMG_1124-Kopie-150x113.jpg 150w, https:\/\/www.ku-germany.de\/wordpress\/wp-content\/uploads\/IMG_1124-Kopie-200x150.jpg 200w, https:\/\/www.ku-germany.de\/wordpress\/wp-content\/uploads\/IMG_1124-Kopie-450x338.jpg 450w, https:\/\/www.ku-germany.de\/wordpress\/wp-content\/uploads\/IMG_1124-Kopie-600x450.jpg 600w, https:\/\/www.ku-germany.de\/wordpress\/wp-content\/uploads\/IMG_1124-Kopie-900x675.jpg 900w\" sizes=\"auto, (max-width: 200px) 100vw, 200px\" \/><\/a> <a href=\"http:\/\/www.ku-germany.de\/wordpress\/wp-content\/uploads\/20160809_233507-Kopie.jpg\"><img loading=\"lazy\" decoding=\"async\" class=\"alignnone wp-image-1334\" src=\"http:\/\/www.ku-germany.de\/wordpress\/wp-content\/uploads\/20160809_233507-Kopie-169x300.jpg\" alt=\"Frauensee\" width=\"84\" height=\"150\" srcset=\"https:\/\/www.ku-germany.de\/wordpress\/wp-content\/uploads\/20160809_233507-Kopie-169x300.jpg 169w, https:\/\/www.ku-germany.de\/wordpress\/wp-content\/uploads\/20160809_233507-Kopie-100x178.jpg 100w, https:\/\/www.ku-germany.de\/wordpress\/wp-content\/uploads\/20160809_233507-Kopie-150x267.jpg 150w, https:\/\/www.ku-germany.de\/wordpress\/wp-content\/uploads\/20160809_233507-Kopie-200x356.jpg 200w, https:\/\/www.ku-germany.de\/wordpress\/wp-content\/uploads\/20160809_233507-Kopie-300x533.jpg 300w, https:\/\/www.ku-germany.de\/wordpress\/wp-content\/uploads\/20160809_233507-Kopie.jpg 432w\" sizes=\"auto, (max-width: 84px) 100vw, 84px\" \/><\/a>\u00a0<a href=\"http:\/\/www.ku-germany.de\/wordpress\/wp-content\/uploads\/IMG_1132-Kopie.jpg\"><img loading=\"lazy\" decoding=\"async\" class=\"wp-image-1336 alignnone\" src=\"http:\/\/www.ku-germany.de\/wordpress\/wp-content\/uploads\/IMG_1132-Kopie-300x225.jpg\" alt=\"IMG_1132 Kopie\" width=\"200\" height=\"150\" srcset=\"https:\/\/www.ku-germany.de\/wordpress\/wp-content\/uploads\/IMG_1132-Kopie-300x225.jpg 300w, https:\/\/www.ku-germany.de\/wordpress\/wp-content\/uploads\/IMG_1132-Kopie-768x576.jpg 768w, https:\/\/www.ku-germany.de\/wordpress\/wp-content\/uploads\/IMG_1132-Kopie.jpg 1024w, https:\/\/www.ku-germany.de\/wordpress\/wp-content\/uploads\/IMG_1132-Kopie-100x75.jpg 100w, https:\/\/www.ku-germany.de\/wordpress\/wp-content\/uploads\/IMG_1132-Kopie-150x113.jpg 150w, https:\/\/www.ku-germany.de\/wordpress\/wp-content\/uploads\/IMG_1132-Kopie-200x150.jpg 200w, https:\/\/www.ku-germany.de\/wordpress\/wp-content\/uploads\/IMG_1132-Kopie-450x338.jpg 450w, https:\/\/www.ku-germany.de\/wordpress\/wp-content\/uploads\/IMG_1132-Kopie-600x450.jpg 600w, https:\/\/www.ku-germany.de\/wordpress\/wp-content\/uploads\/IMG_1132-Kopie-900x675.jpg 900w\" sizes=\"auto, (max-width: 200px) 100vw, 200px\" \/><\/a><\/p>\n<p style=\"text-align: justify;\">Der Weg ist das Ziel oder ist das Ziel der Weg? Und wo kommt eigentlich die scheinbar unanfechtbare Annahme der Notwendigkeit einer (mehr oder weniger gerichteten) Bewegungsmetaphorik her? Manipuliert, korrumpiert sie nicht irgendwie?<\/p>\n<p style=\"text-align: justify;\"><a href=\"http:\/\/www.ku-germany.de\/wordpress\/wp-content\/uploads\/20160810_133632-Kopie.jpg\"><img loading=\"lazy\" decoding=\"async\" class=\"alignnone wp-image-1345\" src=\"http:\/\/www.ku-germany.de\/wordpress\/wp-content\/uploads\/20160810_133632-Kopie.jpg\" alt=\"the real shit\" width=\"217\" height=\"150\" srcset=\"https:\/\/www.ku-germany.de\/wordpress\/wp-content\/uploads\/20160810_133632-Kopie.jpg 832w, https:\/\/www.ku-germany.de\/wordpress\/wp-content\/uploads\/20160810_133632-Kopie-300x208.jpg 300w, https:\/\/www.ku-germany.de\/wordpress\/wp-content\/uploads\/20160810_133632-Kopie-768x532.jpg 768w, https:\/\/www.ku-germany.de\/wordpress\/wp-content\/uploads\/20160810_133632-Kopie-100x69.jpg 100w, https:\/\/www.ku-germany.de\/wordpress\/wp-content\/uploads\/20160810_133632-Kopie-150x104.jpg 150w, https:\/\/www.ku-germany.de\/wordpress\/wp-content\/uploads\/20160810_133632-Kopie-200x138.jpg 200w, https:\/\/www.ku-germany.de\/wordpress\/wp-content\/uploads\/20160810_133632-Kopie-450x312.jpg 450w, https:\/\/www.ku-germany.de\/wordpress\/wp-content\/uploads\/20160810_133632-Kopie-600x415.jpg 600w\" sizes=\"auto, (max-width: 217px) 100vw, 217px\" \/><\/a>\u00a0<a href=\"http:\/\/www.ku-germany.de\/wordpress\/wp-content\/uploads\/IMG_3575.jpg\"><img loading=\"lazy\" decoding=\"async\" class=\"alignnone wp-image-1347\" src=\"http:\/\/www.ku-germany.de\/wordpress\/wp-content\/uploads\/IMG_3575.jpg\" alt=\"boxing\" width=\"130\" height=\"150\" srcset=\"https:\/\/www.ku-germany.de\/wordpress\/wp-content\/uploads\/IMG_3575.jpg 498w, https:\/\/www.ku-germany.de\/wordpress\/wp-content\/uploads\/IMG_3575-259x300.jpg 259w, https:\/\/www.ku-germany.de\/wordpress\/wp-content\/uploads\/IMG_3575-100x116.jpg 100w, https:\/\/www.ku-germany.de\/wordpress\/wp-content\/uploads\/IMG_3575-150x173.jpg 150w, https:\/\/www.ku-germany.de\/wordpress\/wp-content\/uploads\/IMG_3575-200x231.jpg 200w, https:\/\/www.ku-germany.de\/wordpress\/wp-content\/uploads\/IMG_3575-300x347.jpg 300w, https:\/\/www.ku-germany.de\/wordpress\/wp-content\/uploads\/IMG_3575-450x520.jpg 450w\" sizes=\"auto, (max-width: 130px) 100vw, 130px\" \/><\/a>\u00a0<a href=\"http:\/\/www.ku-germany.de\/wordpress\/wp-content\/uploads\/IMG_4044.jpg\"><img loading=\"lazy\" decoding=\"async\" class=\"alignnone wp-image-1340\" src=\"http:\/\/www.ku-germany.de\/wordpress\/wp-content\/uploads\/IMG_4044.jpg\" alt=\"clinch\" width=\"225\" height=\"150\" srcset=\"https:\/\/www.ku-germany.de\/wordpress\/wp-content\/uploads\/IMG_4044.jpg 864w, https:\/\/www.ku-germany.de\/wordpress\/wp-content\/uploads\/IMG_4044-300x200.jpg 300w, https:\/\/www.ku-germany.de\/wordpress\/wp-content\/uploads\/IMG_4044-768x512.jpg 768w, https:\/\/www.ku-germany.de\/wordpress\/wp-content\/uploads\/IMG_4044-100x67.jpg 100w, https:\/\/www.ku-germany.de\/wordpress\/wp-content\/uploads\/IMG_4044-150x100.jpg 150w, https:\/\/www.ku-germany.de\/wordpress\/wp-content\/uploads\/IMG_4044-200x133.jpg 200w, https:\/\/www.ku-germany.de\/wordpress\/wp-content\/uploads\/IMG_4044-450x300.jpg 450w, https:\/\/www.ku-germany.de\/wordpress\/wp-content\/uploads\/IMG_4044-600x400.jpg 600w\" sizes=\"auto, (max-width: 225px) 100vw, 225px\" \/><\/a>\u00a0<a href=\"http:\/\/www.ku-germany.de\/wordpress\/wp-content\/uploads\/IMG_20160811_160054-Kopie.jpg\"><img loading=\"lazy\" decoding=\"async\" class=\"alignnone wp-image-1346\" src=\"http:\/\/www.ku-germany.de\/wordpress\/wp-content\/uploads\/IMG_20160811_160054-Kopie.jpg\" alt=\"ground game\" width=\"154\" height=\"150\" srcset=\"https:\/\/www.ku-germany.de\/wordpress\/wp-content\/uploads\/IMG_20160811_160054-Kopie.jpg 588w, https:\/\/www.ku-germany.de\/wordpress\/wp-content\/uploads\/IMG_20160811_160054-Kopie-300x292.jpg 300w, https:\/\/www.ku-germany.de\/wordpress\/wp-content\/uploads\/IMG_20160811_160054-Kopie-100x97.jpg 100w, https:\/\/www.ku-germany.de\/wordpress\/wp-content\/uploads\/IMG_20160811_160054-Kopie-150x146.jpg 150w, https:\/\/www.ku-germany.de\/wordpress\/wp-content\/uploads\/IMG_20160811_160054-Kopie-200x195.jpg 200w, https:\/\/www.ku-germany.de\/wordpress\/wp-content\/uploads\/IMG_20160811_160054-Kopie-450x438.jpg 450w\" sizes=\"auto, (max-width: 154px) 100vw, 154px\" \/><\/a><\/p>\n<p style=\"text-align: justify;\">Die M\u00f6glichkeit miteinander ins Gespr\u00e4ch zu kommen, \u00fcber wichtige(re) Dinge, direkt(er als auf anderen Seminaren oder per Email oder Telefon), in immer wechselnder, eben auch mal eher privater als \u00f6ffentlicher Umgebung, ergibt sich nur hier so &#8211; unter Kiefern im Sand oder auf der Wiese. Ganz nat\u00fcrlich kommen Themen auf den Tisch, die sonst vielleicht unter dem Radar blieben, treten Eigenschaften der Anwesenden zu Tage, die nerven, verst\u00f6ren, provozieren, herausfordern, beeindrucken, inspirieren etc. Man\/Frau lernt sich und die anderen besser kennen, der individuelle Weg wird phasenweise ein kollektives Konglomerat aus Annahmen, Erwartungen, Wahrnehmungen, Wertungen, die sich \u00fcberlagern und in gewisser Weise ein Eigenleben entwickeln. Rollen, Verhaltensweisen, situative Selbstverst\u00e4ndnisse werden eingenommen, erprobt, ausgelebt, aufgebrochen, verworfen &#8211; bewusst und unbewusst. Nun ja, so kann man eine Woche Frauensee jedenfalls auch betrachten &#8211; logischer Weise nicht umfassend und wie mit jeder Brille blind f\u00fcr Anderes, Wichtige(re)s, &#8211; vielleicht am Kern der Sache vorbei, weil versucht analytisch und rational. Die Erlebnisse, die jede(r) hier macht sind immer andere, aber sie sind vielf\u00e4ltig und haben zumindest das Potenzial zu ber\u00fchren &#8211; durch Lachen, Weinen, Bluten, Schweigen, Singen, Trinken, Zuh\u00f6ren, Reden, Be(ob)achten, &#8230; Das und mehr ist es wohl, was diese Woche f\u00fcr mich wichtig macht. Warum die anderen kommen und gehen, wei\u00df ich nicht, aber vielleicht sollte man die Frage mal wieder stellen, die einen ohnehin regelm\u00e4\u00dfig einholt: Warum mache ich das? Und wie mache ich es? Meiner Antwort auf die erste Frage entsprechend? Nun ja, einige haben scheinbar eine Antwort gefunden oder im Laufe der Zeit auch mehrere, sich wandelnde, vielleicht sogar widersprechende, denn dieses Jahr haben wir das zehnte Sommercamp in Folge am Frauensee verbracht. Das Essen ist besser geworden, die Bungalows verlieren langsam ihren DDR-Charme, der Wald rauscht unber\u00fchrt von allem Wandel &#8230;<\/p>\n<p style=\"text-align: justify;\">Frauensee zum zehnten Mal in Folge &#8211; jedenfalls f\u00fcr diejenigen, die lange genug dabei sind&#8230; was war anders? (Ja, keine Schwedenwortspiele, bitte.)<\/p>\n<p style=\"text-align: justify;\">War irgendetwas erw\u00e4hnenswert, besonders (gut oder schlecht)? Leider wei\u00df ich das nicht so genau, weil nur wenige etwas dazu gesagt haben. Ganz objektiv betrachtet, gab es wohl mehr Liegest\u00fctze als jemals zu vor, es war definitiv zu kalt, wir waren so professionell ausgestattet wie noch nie &#8211; Kaffeeautomat, K\u00fchlschranke, Weinvorr\u00e4te etc. Das Programm war angereichert von einer Theorieeinheit &#8211; diesmal von Dinah und Sven gestaltet und widmete sich dem Modellieren einer Lernspirale, die sich im Wechsel zwischen mehr oder weniger angestrengter bewusster Beobachtung, Reflexion und (Neu)konstruktion von Wissen und F\u00e4higkeiten und dem (unbewussten) Bilden und (entlastenden) Greifen von Routinen konstituiert. Die Frage, wohin diese Spirale w\u00e4chst oder wachsen soll, wie man denn \u00fcberpr\u00fcfen\/sichern kann, dass sie das auch tut, wurde als Angebot f\u00fcr mehrere Kleingruppensitzungen in die Runde gegeben. Nettes Thema f\u00fcr einen R\u00fcck- und Ausblick nach 10 Jahren &#8230; Sabrina hat uns mit einigen Spielen bekannt gemacht, die auch, aber nicht nur f\u00fcr ein Kindertraining geeignet sein k\u00f6nnen, um erste k\u00e4mpferische Kontaktsituationen anzubahnen. Jannik hat mit uns den Ellenbogendrill von Nick de Paolo noch einmal wiederholt, Sven das inzwischen traditionelle Kickboxen am Abend gestaltet, Hendrik sunakae no eku in der aktuellen Version 2016 aus Brisbane mitgebracht, Dinah hat uns morgens durch die Nepai geleitet. Der Rest der Zeit widmete sich &#8211; wie immer &#8211; den Basics.<\/p>\n<p style=\"text-align: justify;\">Scheinbar also alles wie immer, auch 10 Jahre nach dem ersten Mal &#8230;<\/p>\n<p style=\"text-align: justify;\">Den Lehrenden an dieser Stelle ein Dankesch\u00f6n, denen die im Gro\u00dfen und Kleinen mitgedacht und (auch f\u00fcr andere) mitgemacht haben, und nat\u00fcrlich\u00a0allen Anwesenden f\u00fcr den geteilten Sand und die geteilte Wiese &#8211; aber auch f\u00fcr die gemeinsamen Jahre. Ein besonderer Dank geht schlie\u00dflich\u00a0an TanJan, die beide ma\u00dfgeblich an der Organisation im Vorfeld und vor Ort beteiligt und f\u00fcr unser aller Wohlgef\u00fchl verantwortlich waren. Ich jedenfalls freue mich schon jetzt auf die Frauenseewoche 2017 &#8211; vom 29.7. bis 6.8. Save the date.<\/p>\n","protected":false},"excerpt":{"rendered":"<p>Schon wieder vorbei &#8211; eine Woche, verflogen und zu &#8220;dirt in the ground&#8221; im Laubwald der Erlebnisse geworden &#8230; oder jedenfalls auf dem besten Weg dorthin. F\u00fcr mich ist es die wichtigste Veranstaltung im KU-Seminarjahr. Sie bietet die M\u00f6glichkeit an &hellip;<\/p>\n<p class=\"read-more\"> <a class=\"more-link\" href=\"https:\/\/www.ku-germany.de\/wordpress\/?p=1323\"> <span class=\"screen-reader-text\">Treffen sich zwei Flaschen; sagt die eine zur anderen: &#8220;Five!&#8221;<\/span> Weiterlesen &raquo;<\/a><\/p>\n","protected":false},"author":2,"featured_media":1330,"comment_status":"open","ping_status":"open","sticky":false,"template":"","format":"standard","meta":{"footnotes":""},"categories":[1,3],"tags":[],"class_list":["post-1323","post","type-post","status-publish","format-standard","has-post-thumbnail","hentry","category-allgemein","category-seminare"],"_links":{"self":[{"href":"https:\/\/www.ku-germany.de\/wordpress\/index.php?rest_route=\/wp\/v2\/posts\/1323","targetHints":{"allow":["GET"]}}],"collection":[{"href":"https:\/\/www.ku-germany.de\/wordpress\/index.php?rest_route=\/wp\/v2\/posts"}],"about":[{"href":"https:\/\/www.ku-germany.de\/wordpress\/index.php?rest_route=\/wp\/v2\/types\/post"}],"author":[{"embeddable":true,"href":"https:\/\/www.ku-germany.de\/wordpress\/index.php?rest_route=\/wp\/v2\/users\/2"}],"replies":[{"embeddable":true,"href":"https:\/\/www.ku-germany.de\/wordpress\/index.php?rest_route=%2Fwp%2Fv2%2Fcomments&post=1323"}],"version-history":[{"count":21,"href":"https:\/\/www.ku-germany.de\/wordpress\/index.php?rest_route=\/wp\/v2\/posts\/1323\/revisions"}],"predecessor-version":[{"id":1371,"href":"https:\/\/www.ku-germany.de\/wordpress\/index.php?rest_route=\/wp\/v2\/posts\/1323\/revisions\/1371"}],"wp:featuredmedia":[{"embeddable":true,"href":"https:\/\/www.ku-germany.de\/wordpress\/index.php?rest_route=\/wp\/v2\/media\/1330"}],"wp:attachment":[{"href":"https:\/\/www.ku-germany.de\/wordpress\/index.php?rest_route=%2Fwp%2Fv2%2Fmedia&parent=1323"}],"wp:term":[{"taxonomy":"category","embeddable":true,"href":"https:\/\/www.ku-germany.de\/wordpress\/index.php?rest_route=%2Fwp%2Fv2%2Fcategories&post=1323"},{"taxonomy":"post_tag","embeddable":true,"href":"https:\/\/www.ku-germany.de\/wordpress\/index.php?rest_route=%2Fwp%2Fv2%2Ftags&post=1323"}],"curies":[{"name":"wp","href":"https:\/\/api.w.org\/{rel}","templated":true}]}}