{"id":1397,"date":"2016-12-18T18:39:44","date_gmt":"2016-12-18T17:39:44","guid":{"rendered":"http:\/\/www.ku-germany.de\/wordpress\/index.php\/?p=1397"},"modified":"2017-03-07T21:08:57","modified_gmt":"2017-03-07T20:08:57","slug":"chemnitz-wieder-das-letzte-ku-seminare-2016-check","status":"publish","type":"post","link":"https:\/\/www.ku-germany.de\/wordpress\/?p=1397","title":{"rendered":"Chemnitz, wieder das letzte &#8230; KU Seminare 2016: check!"},"content":{"rendered":"<p style=\"text-align: justify;\">Wieder ein Jahr um und wieder hat es in Chemnitz aufgeh\u00f6rt &#8212;<!--more-->\u00a0mit dem letzten Seminar des Jahres. Es war das 10. Jahr in Folge, indem das Chemnitzer Seminar durch Sven und Edi organisiert wurde. Quasi ein rundes Jubil\u00e4um und die Erinnerung daran, dass vor 12 oder 13 Jahren eines meiner ersten KU-Seminare in Chemnitz stattfand. Damals ging es abends noch in eine Diskothek, heute nur noch schnell ins Bett. Dass wir in den letzten Jahren ein paar Schritte vorangekommen sind, zeigen die inzwischen drei KU yudansha mit Wurzeln in Chemnitz. Dank an Sven, ohne den das wohl nicht so w\u00e4re. Aber auch sonst sind die erw\u00e4hnten 10 Jahre Seminar im chemnitzer Goju-Verein eine Erw\u00e4hnung wert. Die Offenheit, mit der Edi und sein Trupp uns und dem KU die letzten Jahre \u00fcber entgegen getreten sind, ist schon beeindruckend. Nicht dass es ernsthafte Bem\u00fchungen g\u00e4be, das KU Curriculum zu meistern (wenn man mal von Dinah absieht), aber gerade deshalb ist es so beeindruckend, weil es eigentlich gar keinen Grund g\u00e4be, sich den Stress einmal j\u00e4hrlich anzutun. Umso mehr geb\u00fchrt mein Dank also Edi &amp; Co, ohne den das alles nicht laufen w\u00fcrde.<\/p>\n<p style=\"text-align: justify;\">Inhaltlich war das Seminar wie immer &#8230; ein paar Kleinigkeiten hier und da, diesmal exemplarisch am Beispiel Ellenbogentechniken und Basics. Und f\u00fcr die \u00dcberlebenden der zwei ph\u00e4nomenalen BJJ-Einheiten, wie immer unter Leitung von Gregor Robustus Kurfer, noch schnell den Ablauf der\u00a0Nepai &#8211; in der Hoffnung, dass nun alle am T\u00fcfteln sind und &#8220;ah, wa kata&#8221; spielen.<\/p>\n<figure id=\"attachment_1398\" aria-describedby=\"caption-attachment-1398\" style=\"width: 750px\" class=\"wp-caption aligncenter\"><a href=\"http:\/\/www.ku-germany.de\/wordpress\/wp-content\/uploads\/IMG_20161120_161414.jpg\"><img loading=\"lazy\" decoding=\"async\" class=\"size-large wp-image-1398\" src=\"http:\/\/www.ku-germany.de\/wordpress\/wp-content\/uploads\/IMG_20161120_161414-1024x618.jpg\" alt=\"\" width=\"750\" height=\"453\" srcset=\"https:\/\/www.ku-germany.de\/wordpress\/wp-content\/uploads\/IMG_20161120_161414-1024x618.jpg 1024w, https:\/\/www.ku-germany.de\/wordpress\/wp-content\/uploads\/IMG_20161120_161414-300x181.jpg 300w, https:\/\/www.ku-germany.de\/wordpress\/wp-content\/uploads\/IMG_20161120_161414-768x463.jpg 768w, https:\/\/www.ku-germany.de\/wordpress\/wp-content\/uploads\/IMG_20161120_161414-100x60.jpg 100w, https:\/\/www.ku-germany.de\/wordpress\/wp-content\/uploads\/IMG_20161120_161414-150x91.jpg 150w, https:\/\/www.ku-germany.de\/wordpress\/wp-content\/uploads\/IMG_20161120_161414-200x121.jpg 200w, https:\/\/www.ku-germany.de\/wordpress\/wp-content\/uploads\/IMG_20161120_161414-450x272.jpg 450w, https:\/\/www.ku-germany.de\/wordpress\/wp-content\/uploads\/IMG_20161120_161414-600x362.jpg 600w, https:\/\/www.ku-germany.de\/wordpress\/wp-content\/uploads\/IMG_20161120_161414-900x543.jpg 900w\" sizes=\"auto, (max-width: 750px) 100vw, 750px\" \/><\/a><figcaption id=\"caption-attachment-1398\" class=\"wp-caption-text\">Der harte Kern, der es bis zum Schluss geschafft hat.<\/figcaption><\/figure>\n<p style=\"text-align: justify;\">Gefehlt hat &#8212; nicht nur wegen der Pl\u00e4tzchen &#8212; nat\u00fcrlich Dinah, die sich frecher Weise lieber in Japan vergn\u00fcgt hat (NEID!), inzwischen aber wieder unversehrt in der Heimat gelandet ist, um wie wir alle die Phase des R\u00fcckblickes, und Vorausblickes, der Reflexion und Planung, der Abrechnung alter und dem Fassen (Genitiv shot by Dativ) neuer Vors\u00e4tze und Ziele auszuleben.<\/p>\n<p style=\"text-align: justify;\">Dabei, bei den jahresendlichen Familienrunden, Freundestreffen, Feierlichkeiten, gef\u00fcllten oder hohlen Ritualen, Liebensw\u00fcrdigkeiten etc. w\u00fcnsche ich viel Vergn\u00fcgen oder Durchhalteverm\u00f6gen\u00a0und jede Menge Ruhe und Besinnlichkeit f\u00fcr das Schmieden gro\u00dfer und kleiner Pl\u00e4ne, das Ausrichten der Wegweiser und das Putzen der Wanderschuhe &#8230; denn im n\u00e4chsten Jahr gehts weiter &#8230;<\/p>\n","protected":false},"excerpt":{"rendered":"<p>Wieder ein Jahr um und wieder hat es in Chemnitz aufgeh\u00f6rt &#8212;<\/p>\n","protected":false},"author":2,"featured_media":0,"comment_status":"open","ping_status":"open","sticky":false,"template":"","format":"standard","meta":{"footnotes":""},"categories":[1,3],"tags":[],"class_list":["post-1397","post","type-post","status-publish","format-standard","hentry","category-allgemein","category-seminare"],"_links":{"self":[{"href":"https:\/\/www.ku-germany.de\/wordpress\/index.php?rest_route=\/wp\/v2\/posts\/1397","targetHints":{"allow":["GET"]}}],"collection":[{"href":"https:\/\/www.ku-germany.de\/wordpress\/index.php?rest_route=\/wp\/v2\/posts"}],"about":[{"href":"https:\/\/www.ku-germany.de\/wordpress\/index.php?rest_route=\/wp\/v2\/types\/post"}],"author":[{"embeddable":true,"href":"https:\/\/www.ku-germany.de\/wordpress\/index.php?rest_route=\/wp\/v2\/users\/2"}],"replies":[{"embeddable":true,"href":"https:\/\/www.ku-germany.de\/wordpress\/index.php?rest_route=%2Fwp%2Fv2%2Fcomments&post=1397"}],"version-history":[{"count":7,"href":"https:\/\/www.ku-germany.de\/wordpress\/index.php?rest_route=\/wp\/v2\/posts\/1397\/revisions"}],"predecessor-version":[{"id":1411,"href":"https:\/\/www.ku-germany.de\/wordpress\/index.php?rest_route=\/wp\/v2\/posts\/1397\/revisions\/1411"}],"wp:attachment":[{"href":"https:\/\/www.ku-germany.de\/wordpress\/index.php?rest_route=%2Fwp%2Fv2%2Fmedia&parent=1397"}],"wp:term":[{"taxonomy":"category","embeddable":true,"href":"https:\/\/www.ku-germany.de\/wordpress\/index.php?rest_route=%2Fwp%2Fv2%2Fcategories&post=1397"},{"taxonomy":"post_tag","embeddable":true,"href":"https:\/\/www.ku-germany.de\/wordpress\/index.php?rest_route=%2Fwp%2Fv2%2Ftags&post=1397"}],"curies":[{"name":"wp","href":"https:\/\/api.w.org\/{rel}","templated":true}]}}