{"id":1880,"date":"2019-01-27T16:36:53","date_gmt":"2019-01-27T15:36:53","guid":{"rendered":"http:\/\/www.ku-germany.de\/wordpress\/index.php\/?p=1880"},"modified":"2019-01-27T16:36:54","modified_gmt":"2019-01-27T15:36:54","slug":"jahresbeginn-in-lindow-2-4-januar-2019","status":"publish","type":"post","link":"https:\/\/www.ku-germany.de\/wordpress\/?p=1880","title":{"rendered":"Jahresbeginn in Lindow 2.-4. Januar 2019"},"content":{"rendered":"\n<p>Auch in diesem Jahr startete das Trainingsjahr beim Koryukan Potsdam mit ein paar besonderen Trainingstagen. Ge\u00fcbt wurde im Sport- und Bildungszentrum von Lindow (Mark), das wir dieses Jahr fast f\u00fcr uns allein hatten. Und was wurde ge\u00fcbt? Das Nyumon-Programm (mit ein paar Spielereien zwischendurch), alles was man braucht, um im Koryu Uchinadi einen schwarzen G\u00fcrtel tragen zu d\u00fcrfen. Das Programm erscheint zun\u00e4chst sehr umfangreich. Es beinhaltet eine Menge an Abl\u00e4ufen, die man sich einpr\u00e4gen muss. Wenn man sich die dann alle soweit gemerkt hat, kommen mehr und mehr Details dazu, die wichtig f\u00fcr die funktionale Ausf\u00fchrung sind. Atmung, Anspannung und Entspannung, stets aufmerksam sein und die richtige Haltung bewahren \u2026 Es gibt (immer) viel zu \u00fcben. Bis es irgendwann nat\u00fcrlich wird, keines Gedanken mehr bedarf, zu einem dazu geh\u00f6rt.<\/p>\n\n\n\n<p>Gerade an dieser Stelle muss man sich immer wieder selbst\n\u00fcberpr\u00fcfen. Was sind meine Gewohnheiten? Handle ich aus Gewohnheit, ohne mein\nVerhalten der Situation anzupassen? Bin ich hier im Moment? Olaf meinte am Ende\nder Trainingstage, es sei gut die Bewegungen\/Techniken zu seinen eigenen zu\nmachen, aber es sei auch ein Problem, sie zu seinen eigenen zu machen. <\/p>\n\n\n\n<p>Wie kann etwas zugleich gut und ein Problem sein? <\/p>\n\n\n\n<p>Der Shodan ist im Koryu Uchinadi ein Zeichen daf\u00fcr, dass auf der einen Seite das Nyumon-Programm durchweg auf technisch gutem Niveau beherrscht wird, auf der anderen Seite aber auch, dass es mehr und mehr nat\u00fcrlich ist. Es gibt keine zwei vollkommen identischen Menschen auf dieser Welt und so k\u00f6nnen auch die gleichen Techniken nicht von allen exakt gleich ausgef\u00fchrt werden, das w\u00e4re nicht nat\u00fcrlich. Auch wir selbst ver\u00e4ndern uns im Laufe unseres Lebens. McCarthy Sensei betont immer wieder: \u201eDu wirst dasselbe nicht auf dieselbe Weise dein ganzes Leben lang tun, und wenn es nur auf Grund des Alters ist.\u201c <\/p>\n\n\n\n<p>Es gibt mittlerweile immer wieder Momente in denen ich denke: \u201eDas konntest du schon mal besser\u201c. Ich wei\u00df, dass es nicht nur mir so geht und auch in Lindow nicht nur mir so ging. Die Frage stellt sich: Warum? Und darauf gibt es vielf\u00e4ltige Antworten. Nicht genug ge\u00fcbt, nicht mit der n\u00f6tigen Intensit\u00e4t ge\u00fcbt, Details nicht beachtet, aus Gewohnheit ohne bei der Sache zu sein ge\u00fcbt \u2026 \u00dcben an sich verbessert nichts und eine schwarze Binde um den Bauch zu tragen ist kein Freifahrtschein. Im Gegenteil, umso mehr die Kampfkunst zur eigenen wird, desto gr\u00f6\u00dfer wird die Verpflichtung sich immer wieder selbst zu pr\u00fcfen. Zur Pr\u00fcfung sollten nicht nur technische Aspekte geh\u00f6ren, sondern auch Fragen nach der eigenen Entwicklung und ob wir mit Freude und ganzem Herzen dabei sind. <\/p>\n\n\n\n<p>Das Studieren einer Kampfkunst ist eine M\u00f6glichkeit uns selbst kennen zu lernen. Sich selbst gegen\u00fcber offen zu sein, sich wertzusch\u00e4tzen (nicht um das Ego zu steigern!) und sich auch mal zul\u00e4cheln zu k\u00f6nnen, ist sicher nicht immer einfach. Wie wollen wir uns aber sonst besser kennen lernen? Sensibel zu sein ist keine Schw\u00e4che, sondern eine Notwendigkeit um mehr und mehr \u00fcber sich selbst lernen zu k\u00f6nnen und die Kampfkunst immer bewusster daf\u00fcr nutzen zu k\u00f6nnen. Dazu m\u00fcssen wir immer wieder (kleine) Anpassungen vornehmen. Heute ist nicht gestern, oder vor zehn Jahren \u2026 Auch ein Lieblingsspruch von McCarthy Sensei: &#8220;Das einzig best\u00e4ndige im Leben ist die Ver\u00e4nderung&#8221;. <\/p>\n\n\n\n<ul class=\"wp-block-gallery aligncenter columns-1 is-cropped wp-block-gallery-1 is-layout-flex wp-block-gallery-is-layout-flex\"><li class=\"blocks-gallery-item\"><figure><img loading=\"lazy\" decoding=\"async\" width=\"1024\" height=\"683\" src=\"https:\/\/www.ku-germany.de\/wordpress\/wp-content\/uploads\/2019_Lindow_low-1024x683.jpg\" alt=\"\" data-id=\"1889\" data-link=\"https:\/\/www.ku-germany.de\/wordpress\/index.php\/?attachment_id=1889\" class=\"wp-image-1889\" srcset=\"https:\/\/www.ku-germany.de\/wordpress\/wp-content\/uploads\/2019_Lindow_low-1024x683.jpg 1024w, https:\/\/www.ku-germany.de\/wordpress\/wp-content\/uploads\/2019_Lindow_low-300x200.jpg 300w, https:\/\/www.ku-germany.de\/wordpress\/wp-content\/uploads\/2019_Lindow_low-768x512.jpg 768w, https:\/\/www.ku-germany.de\/wordpress\/wp-content\/uploads\/2019_Lindow_low-100x67.jpg 100w, https:\/\/www.ku-germany.de\/wordpress\/wp-content\/uploads\/2019_Lindow_low-150x100.jpg 150w, https:\/\/www.ku-germany.de\/wordpress\/wp-content\/uploads\/2019_Lindow_low-200x133.jpg 200w, https:\/\/www.ku-germany.de\/wordpress\/wp-content\/uploads\/2019_Lindow_low-450x300.jpg 450w, https:\/\/www.ku-germany.de\/wordpress\/wp-content\/uploads\/2019_Lindow_low-600x400.jpg 600w, https:\/\/www.ku-germany.de\/wordpress\/wp-content\/uploads\/2019_Lindow_low-900x600.jpg 900w\" sizes=\"auto, (max-width: 1024px) 100vw, 1024px\" \/><\/figure><\/li><\/ul>\n\n\n\n<p>Es ist gut, immer wieder das Gespr\u00e4ch mit Freunden zu\nsuchen, gemeinsam ein St\u00fcck des Weges zu gehen, selbst wenn jeder seinen\neigenen geht. Daf\u00fcr waren die Januartage in Lindow eine gute Gelegenheit und\nich danke Tanja und Jan herzlich f\u00fcr die Einladung und Olaf f\u00fcr die Anleitung\n(was wie immer mehr als das Training halten beinhaltet). Allen die mit auf der\nMatte waren danke ich f\u00fcr diesen guten Start ins neue Jahr! &nbsp;<\/p>\n","protected":false},"excerpt":{"rendered":"<p>Auch in diesem Jahr startete das Trainingsjahr beim Koryukan Potsdam mit ein paar besonderen Trainingstagen. Ge\u00fcbt wurde im Sport- und Bildungszentrum von Lindow (Mark), das wir dieses Jahr fast f\u00fcr uns allein hatten. Und was wurde ge\u00fcbt? Das Nyumon-Programm (mit &hellip;<\/p>\n<p class=\"read-more\"> <a class=\"more-link\" href=\"https:\/\/www.ku-germany.de\/wordpress\/?p=1880\"> <span class=\"screen-reader-text\">Jahresbeginn in Lindow 2.-4. Januar 2019<\/span> Weiterlesen &raquo;<\/a><\/p>\n","protected":false},"author":6,"featured_media":0,"comment_status":"open","ping_status":"open","sticky":false,"template":"","format":"standard","meta":{"footnotes":""},"categories":[1,3],"tags":[],"class_list":["post-1880","post","type-post","status-publish","format-standard","hentry","category-allgemein","category-seminare"],"_links":{"self":[{"href":"https:\/\/www.ku-germany.de\/wordpress\/index.php?rest_route=\/wp\/v2\/posts\/1880","targetHints":{"allow":["GET"]}}],"collection":[{"href":"https:\/\/www.ku-germany.de\/wordpress\/index.php?rest_route=\/wp\/v2\/posts"}],"about":[{"href":"https:\/\/www.ku-germany.de\/wordpress\/index.php?rest_route=\/wp\/v2\/types\/post"}],"author":[{"embeddable":true,"href":"https:\/\/www.ku-germany.de\/wordpress\/index.php?rest_route=\/wp\/v2\/users\/6"}],"replies":[{"embeddable":true,"href":"https:\/\/www.ku-germany.de\/wordpress\/index.php?rest_route=%2Fwp%2Fv2%2Fcomments&post=1880"}],"version-history":[{"count":4,"href":"https:\/\/www.ku-germany.de\/wordpress\/index.php?rest_route=\/wp\/v2\/posts\/1880\/revisions"}],"predecessor-version":[{"id":1890,"href":"https:\/\/www.ku-germany.de\/wordpress\/index.php?rest_route=\/wp\/v2\/posts\/1880\/revisions\/1890"}],"wp:attachment":[{"href":"https:\/\/www.ku-germany.de\/wordpress\/index.php?rest_route=%2Fwp%2Fv2%2Fmedia&parent=1880"}],"wp:term":[{"taxonomy":"category","embeddable":true,"href":"https:\/\/www.ku-germany.de\/wordpress\/index.php?rest_route=%2Fwp%2Fv2%2Fcategories&post=1880"},{"taxonomy":"post_tag","embeddable":true,"href":"https:\/\/www.ku-germany.de\/wordpress\/index.php?rest_route=%2Fwp%2Fv2%2Ftags&post=1880"}],"curies":[{"name":"wp","href":"https:\/\/api.w.org\/{rel}","templated":true}]}}