{"id":2044,"date":"2020-03-10T21:17:51","date_gmt":"2020-03-10T20:17:51","guid":{"rendered":"http:\/\/www.ku-germany.de\/wordpress\/?p=2044"},"modified":"2020-03-10T21:33:53","modified_gmt":"2020-03-10T20:33:53","slug":"ku-germany-shochu-geiko-2020","status":"publish","type":"post","link":"https:\/\/www.ku-germany.de\/wordpress\/?p=2044","title":{"rendered":"KU Germany &#8211; Shochu Geiko 2019"},"content":{"rendered":"\n<p>Alles wie immer aber eben doch einmalig. Jedes Jahr aufs neue geht es f\u00fcr diese eine Woche im Jahr an den Frauensee in Brandenburg. Immer wieder neu motiviert man sich oder fiebert darauf hin, wei\u00df man um die Anstrengungen im voraus und auch um den Lernzuwachs den eine solche Woche unbestreitbar mit sich bringt, auch wenn es jedes Jahr zu 80% die gleichen Inhalte sind &#8230; und doch kann man eben nicht zweimal in den gleichen Fluss steigen, denn alles flie\u00dft &#8211; <a rel=\"noreferrer noopener\" aria-label=\"panta rhei (\u00f6ffnet in neuem Tab)\" href=\"https:\/\/de.wikipedia.org\/wiki\/Panta_rhei\" target=\"_blank\">panta rhei<\/a> (altgriechisch: \u03c0\u03ac\u03bd\u03c4\u03b1 \u1fe5\u03b5\u1fd6). So w\u00fcrde es ein im westlichen Kulturkreis sozialisierter Mensch mit Wissen um Heraklit und seine \u00dcberlieferung durch Platon und verschiedene Kommentatoren wohl ausdr\u00fccken.  <\/p>\n\n\n\n<p>Das diesj\u00e4hrige Sommercamp stand unter eben diesem Motto der Unwiederholbarkeit eines Ereignisses, der Einmaligkeit von Begegnungen, der Einzigartigkeit des Momentes, den es zu gestalten oder anzunehmen gilt, denn er kehrt nicht zur\u00fcck, bietet keinen zweiten Versuch. Nat\u00fcrlich hat das ganze ein japanische Entsprechung, denn was denkbar ist wird mehrmals gedacht und an verschiedenen Orten &#8211; fr\u00fcher oder sp\u00e4ter. Das ist zun\u00e4chst \u00fcberraschend (und stimmt auch nicht so allgemein wie es jetzt hier steht), aber wenn auch in verschiedenen Denkrahmen \u00e4hnliche oder gleiche Einsichten formuliert werden, dann handelt es sich meist um etwas bedeutungsvolles, die menschliche Existenz an sich betreffendes, die kulturellen Gegebenheiten transzendierendes. So scheinbar auch hier. Jedenfalls hei\u00dft es auf japanisch <a rel=\"noreferrer noopener\" aria-label=\"Ichi-go ichi-e (\u00f6ffnet in neuem Tab)\" href=\"https:\/\/en.wikipedia.org\/wiki\/Ichi-go_ichi-e\" target=\"_blank\">Ichi-go ichi-e<\/a> (\u4e00\u671f\u4e00\u4f1a), was sich mit &#8220;eine Zeit, ein Treffen&#8221; \u00fcbersetzen l\u00e4sst. <\/p>\n\n\n\n<p>Nichts illustriert die Verg\u00e4nglichkeit des Momentes, den Fluss, die Gerichtetheit des Zeitverlaufs, die Unwiedeholbarkeit eines Momentes so bildgewaltig wie die japanische Kirschbl\u00fcte (ersatzweise tut es auch die mallorquinische Mandelbl\u00fcte oder eine Baumbl\u00fcte auf einer einheimischen Obsplantage). Hier gilt: &#8220;viel hilft viel&#8221; und gerade die Menge an Bl\u00fctenbl\u00e4ttern macht die Sache so gewaltig eindrucksvoll und nicht nur sicht- und riechbar, sondern eben auch dem Tastsinn zug\u00e4nglich.  <\/p>\n\n\n\n<p>Ok, been there, done that, got the t-shirt, das in diesem Jahr ma\u00dfgeblich von Dinah und Tanja designed wurde und das erl\u00e4uterte Motto aufgreift. <\/p>\n\n\n\n<p>Es war mein erstes Sommercamp mit Edgar, gab wie immer Nussecken, mal mehr, mal weniger schiefen Gesang zu Anders Gitarrenspiel, Fruchtgummis, die gegen Zahnkronen gewinnen, zu wenig Schlaf, Boxeinheiten mit Felix, morgendliche Bewegungskunst mit Sascha, zu wenige Joggingtage, mal wieder ein Etikette-Gespr\u00e4ch, Shiatsu zum Abschluss, jede Menge Sand, baden im Frauensee, viele Gespr\u00e4che &#8230; und den Ausblick auf das n\u00e4chste Sommercamp &#8211; das irgendwie genauso aber eben doch einzigartig sein wird.    <\/p>\n\n\n\n<p>       <\/p>\n\n\n\n<figure class=\"wp-block-image size-large\"><img loading=\"lazy\" decoding=\"async\" width=\"1024\" height=\"683\" src=\"https:\/\/www.ku-germany.de\/wordpress\/wp-content\/uploads\/SC2020_collage_small-1024x683.jpg\" alt=\"\" class=\"wp-image-2050\" srcset=\"https:\/\/www.ku-germany.de\/wordpress\/wp-content\/uploads\/SC2020_collage_small-1024x683.jpg 1024w, https:\/\/www.ku-germany.de\/wordpress\/wp-content\/uploads\/SC2020_collage_small-300x200.jpg 300w, https:\/\/www.ku-germany.de\/wordpress\/wp-content\/uploads\/SC2020_collage_small-768x512.jpg 768w, https:\/\/www.ku-germany.de\/wordpress\/wp-content\/uploads\/SC2020_collage_small-1536x1024.jpg 1536w, https:\/\/www.ku-germany.de\/wordpress\/wp-content\/uploads\/SC2020_collage_small-100x67.jpg 100w, https:\/\/www.ku-germany.de\/wordpress\/wp-content\/uploads\/SC2020_collage_small-150x100.jpg 150w, https:\/\/www.ku-germany.de\/wordpress\/wp-content\/uploads\/SC2020_collage_small-200x133.jpg 200w, https:\/\/www.ku-germany.de\/wordpress\/wp-content\/uploads\/SC2020_collage_small-450x300.jpg 450w, https:\/\/www.ku-germany.de\/wordpress\/wp-content\/uploads\/SC2020_collage_small-600x400.jpg 600w, https:\/\/www.ku-germany.de\/wordpress\/wp-content\/uploads\/SC2020_collage_small-900x600.jpg 900w, https:\/\/www.ku-germany.de\/wordpress\/wp-content\/uploads\/SC2020_collage_small.jpg 1920w\" sizes=\"auto, (max-width: 1024px) 100vw, 1024px\" \/><figcaption>Sommercampimpressionen 2019<\/figcaption><\/figure>\n\n\n\n<p>  Vielen Dank Tanja, f\u00fcr die jedes Jahr neue gute Organisation!!<\/p>\n","protected":false},"excerpt":{"rendered":"<p>Alles wie immer aber eben doch einmalig. Jedes Jahr aufs neue geht es f\u00fcr diese eine Woche im Jahr an den Frauensee in Brandenburg. Immer wieder neu motiviert man sich oder fiebert darauf hin, wei\u00df man um die Anstrengungen im &hellip;<\/p>\n<p class=\"read-more\"> <a class=\"more-link\" href=\"https:\/\/www.ku-germany.de\/wordpress\/?p=2044\"> <span class=\"screen-reader-text\">KU Germany &#8211; Shochu Geiko 2019<\/span> Weiterlesen &raquo;<\/a><\/p>\n","protected":false},"author":2,"featured_media":2045,"comment_status":"open","ping_status":"open","sticky":false,"template":"","format":"standard","meta":{"footnotes":""},"categories":[22,1,3],"tags":[],"class_list":["post-2044","post","type-post","status-publish","format-standard","has-post-thumbnail","hentry","category-aktuelles","category-allgemein","category-seminare"],"_links":{"self":[{"href":"https:\/\/www.ku-germany.de\/wordpress\/index.php?rest_route=\/wp\/v2\/posts\/2044","targetHints":{"allow":["GET"]}}],"collection":[{"href":"https:\/\/www.ku-germany.de\/wordpress\/index.php?rest_route=\/wp\/v2\/posts"}],"about":[{"href":"https:\/\/www.ku-germany.de\/wordpress\/index.php?rest_route=\/wp\/v2\/types\/post"}],"author":[{"embeddable":true,"href":"https:\/\/www.ku-germany.de\/wordpress\/index.php?rest_route=\/wp\/v2\/users\/2"}],"replies":[{"embeddable":true,"href":"https:\/\/www.ku-germany.de\/wordpress\/index.php?rest_route=%2Fwp%2Fv2%2Fcomments&post=2044"}],"version-history":[{"count":6,"href":"https:\/\/www.ku-germany.de\/wordpress\/index.php?rest_route=\/wp\/v2\/posts\/2044\/revisions"}],"predecessor-version":[{"id":2053,"href":"https:\/\/www.ku-germany.de\/wordpress\/index.php?rest_route=\/wp\/v2\/posts\/2044\/revisions\/2053"}],"wp:featuredmedia":[{"embeddable":true,"href":"https:\/\/www.ku-germany.de\/wordpress\/index.php?rest_route=\/wp\/v2\/media\/2045"}],"wp:attachment":[{"href":"https:\/\/www.ku-germany.de\/wordpress\/index.php?rest_route=%2Fwp%2Fv2%2Fmedia&parent=2044"}],"wp:term":[{"taxonomy":"category","embeddable":true,"href":"https:\/\/www.ku-germany.de\/wordpress\/index.php?rest_route=%2Fwp%2Fv2%2Fcategories&post=2044"},{"taxonomy":"post_tag","embeddable":true,"href":"https:\/\/www.ku-germany.de\/wordpress\/index.php?rest_route=%2Fwp%2Fv2%2Ftags&post=2044"}],"curies":[{"name":"wp","href":"https:\/\/api.w.org\/{rel}","templated":true}]}}