{"id":2120,"date":"2020-07-28T16:18:06","date_gmt":"2020-07-28T14:18:06","guid":{"rendered":"https:\/\/www.ku-germany.de\/wordpress\/?p=2120"},"modified":"2020-07-28T23:47:40","modified_gmt":"2020-07-28T21:47:40","slug":"buga-gelaende-bayreuth-oder-erstes-treffen-nach-dem-shut-down","status":"publish","type":"post","link":"https:\/\/www.ku-germany.de\/wordpress\/?p=2120","title":{"rendered":"BuGa-Gel\u00e4nde Bayreuth oder erstes Treffen nach dem Shut Down"},"content":{"rendered":"\n<p>Ein Sommercampvorgeschmackswochenende war es &#8211; Training drau\u00dfen und bei bestem Wetter auf dem alten BuGa-Gel\u00e4nde in Bayreuth zu Besuch bei Dinah. <\/p>\n\n\n\n<p>Die erste gemeinsame KU-\/YR \u00dcbungssession (Koryu no Sai, Koryu no Kon, Aragaki Niseishi) nach dem Shutdown, ganz sch\u00f6n lange hat es gedauert, aber es ging noch. Ein kleine Runde, aber viele Wiederholungen von Formen, die wir schon immer \u00fcben und die Feststellung, das isoliertes \u00dcben eben Varianz erzeugt, Basics, aber eben basic sind. <\/p>\n\n\n\n<p>Vielleicht ist es also gar nicht so verkehrt, sich von Zeit zu Zeit abzuschotten und mal seinen eigenen Kram zu machen, zu wissen, was mein Lehrer will und auch, dass es noch ganz anders geht. Wieder so ein Spannungsfeld, dem man sich nicht entziehen kann&#8230;<\/p>\n\n\n\n<p> Vielen Dank f\u00fcr die Orga und Einladung  an Dinah und f\u00fcr das entspannte Wochenende an alle, die dabei waren. <\/p>\n\n\n\n<figure class=\"wp-block-image size-large\"><img loading=\"lazy\" decoding=\"async\" width=\"1024\" height=\"768\" src=\"https:\/\/www.ku-germany.de\/wordpress\/wp-content\/uploads\/2020_Bayreuth-1024x768.jpg\" alt=\"\" class=\"wp-image-2121\" srcset=\"https:\/\/www.ku-germany.de\/wordpress\/wp-content\/uploads\/2020_Bayreuth-1024x768.jpg 1024w, https:\/\/www.ku-germany.de\/wordpress\/wp-content\/uploads\/2020_Bayreuth-300x225.jpg 300w, https:\/\/www.ku-germany.de\/wordpress\/wp-content\/uploads\/2020_Bayreuth-768x576.jpg 768w, https:\/\/www.ku-germany.de\/wordpress\/wp-content\/uploads\/2020_Bayreuth-1536x1152.jpg 1536w, https:\/\/www.ku-germany.de\/wordpress\/wp-content\/uploads\/2020_Bayreuth-2048x1536.jpg 2048w, https:\/\/www.ku-germany.de\/wordpress\/wp-content\/uploads\/2020_Bayreuth-100x75.jpg 100w, https:\/\/www.ku-germany.de\/wordpress\/wp-content\/uploads\/2020_Bayreuth-150x113.jpg 150w, https:\/\/www.ku-germany.de\/wordpress\/wp-content\/uploads\/2020_Bayreuth-200x150.jpg 200w, https:\/\/www.ku-germany.de\/wordpress\/wp-content\/uploads\/2020_Bayreuth-450x338.jpg 450w, https:\/\/www.ku-germany.de\/wordpress\/wp-content\/uploads\/2020_Bayreuth-600x450.jpg 600w, https:\/\/www.ku-germany.de\/wordpress\/wp-content\/uploads\/2020_Bayreuth-900x675.jpg 900w\" sizes=\"auto, (max-width: 1024px) 100vw, 1024px\" \/><figcaption>Trainingswochenende in Bayreuth<\/figcaption><\/figure>\n\n\n\n<p>Bis bald! <\/p>\n","protected":false},"excerpt":{"rendered":"<p>Ein Sommercampvorgeschmackswochenende war es &#8211; Training drau\u00dfen und bei bestem Wetter auf dem alten BuGa-Gel\u00e4nde in Bayreuth zu Besuch bei Dinah. Die erste gemeinsame KU-\/YR \u00dcbungssession (Koryu no Sai, Koryu no Kon, Aragaki Niseishi) nach dem Shutdown, ganz sch\u00f6n lange &hellip;<\/p>\n<p class=\"read-more\"> <a class=\"more-link\" href=\"https:\/\/www.ku-germany.de\/wordpress\/?p=2120\"> <span class=\"screen-reader-text\">BuGa-Gel\u00e4nde Bayreuth oder erstes Treffen nach dem Shut Down<\/span> Weiterlesen &raquo;<\/a><\/p>\n","protected":false},"author":2,"featured_media":0,"comment_status":"open","ping_status":"open","sticky":false,"template":"","format":"standard","meta":{"footnotes":""},"categories":[1,3],"tags":[],"class_list":["post-2120","post","type-post","status-publish","format-standard","hentry","category-allgemein","category-seminare"],"_links":{"self":[{"href":"https:\/\/www.ku-germany.de\/wordpress\/index.php?rest_route=\/wp\/v2\/posts\/2120","targetHints":{"allow":["GET"]}}],"collection":[{"href":"https:\/\/www.ku-germany.de\/wordpress\/index.php?rest_route=\/wp\/v2\/posts"}],"about":[{"href":"https:\/\/www.ku-germany.de\/wordpress\/index.php?rest_route=\/wp\/v2\/types\/post"}],"author":[{"embeddable":true,"href":"https:\/\/www.ku-germany.de\/wordpress\/index.php?rest_route=\/wp\/v2\/users\/2"}],"replies":[{"embeddable":true,"href":"https:\/\/www.ku-germany.de\/wordpress\/index.php?rest_route=%2Fwp%2Fv2%2Fcomments&post=2120"}],"version-history":[{"count":1,"href":"https:\/\/www.ku-germany.de\/wordpress\/index.php?rest_route=\/wp\/v2\/posts\/2120\/revisions"}],"predecessor-version":[{"id":2122,"href":"https:\/\/www.ku-germany.de\/wordpress\/index.php?rest_route=\/wp\/v2\/posts\/2120\/revisions\/2122"}],"wp:attachment":[{"href":"https:\/\/www.ku-germany.de\/wordpress\/index.php?rest_route=%2Fwp%2Fv2%2Fmedia&parent=2120"}],"wp:term":[{"taxonomy":"category","embeddable":true,"href":"https:\/\/www.ku-germany.de\/wordpress\/index.php?rest_route=%2Fwp%2Fv2%2Fcategories&post=2120"},{"taxonomy":"post_tag","embeddable":true,"href":"https:\/\/www.ku-germany.de\/wordpress\/index.php?rest_route=%2Fwp%2Fv2%2Ftags&post=2120"}],"curies":[{"name":"wp","href":"https:\/\/api.w.org\/{rel}","templated":true}]}}