{"id":819,"date":"2013-09-26T19:11:39","date_gmt":"2013-09-26T17:11:39","guid":{"rendered":"http:\/\/www.ku-germany.de\/wordpress\/index.php\/?p=819"},"modified":"2013-09-26T19:11:39","modified_gmt":"2013-09-26T17:11:39","slug":"fritzlar-21-22-september-2013","status":"publish","type":"post","link":"https:\/\/www.ku-germany.de\/wordpress\/?p=819","title":{"rendered":"Fritzlar, 21.\/22. September 2013"},"content":{"rendered":"<p>Fritzlar, die Einwohner halten es f\u00fcr bekannt, weil historisch belegt und damals wichtig(er). Nun ja, historische Bildungsl\u00fccke. Ich jedenfalls h\u00f6rte und h\u00f6re von Fritzlar nichts, es sei denn Achim kommuniziert von dort in den \u00fcblichen Medien. So bin ich da auch hingekommen, auf Anfrage von Achim. Vielen Dank f\u00fcr die Einladung und Ausrichtung an dieser Stelle. Fritzlar ist eigentlich ganz zentral gelegen, mit der Bahn aber eine kleine Weltreise, weshalb sich drei Potsdamer ein Auto gemietet haben und ich mal wieder hinter einem Steuer sa\u00df &#8230; und zwar ohne geblitzt zu werden;-) Die ersten 200 km ist das auch lustig, der Rest der Strecke nervt dann doch eher, weil lesen am Steuer nicht so gut kommt und man f\u00f6rmlich dabei zuschauen kann, wie die Zeit an einem vorbeifliegt &#8211; v\u00f6llig ungenutzt &#8230; Nun ja, soviel zu meiner Abneigung gegen Autos.<\/p>\n<p>Die Reisezeit hat sich jedenfalls auf knappe 3h reduziert, was ein deutliches &#8220;+&#8221; darstellt. Nach der Aufnahme des notwendigen Kaffees ging es los. Aragaki Unsu &#8211; eine relativ kurze kata, die sich mit relativ simplen Techniken grundlegenden HAPV widmet. Nach einer kurzen(?) Erw\u00e4rmung ging es auch schon los und neben den Koryus haben es auch die G\u00e4ste aus dem Shotokan ryu geschafft, sich durch Anwendung (oyo), Drill (futari geiko) und Form (hitori geiko) zu hangeln, zwischen den drei Teilen Querverbindungen zu ziehen und so der Kunst des bunkai an einem Beispiel ein wenig n\u00e4her zu kommen. Auch wenn es viele gestresste, kranke und gelegentlich verunsicherte Gesichter gab, war es doch vor allem sch\u00f6n, euch alle auf dem ersten Seminar nach dem Sommercamp wieder zu sehen und im Restaurante ( der Dornfelder war \u00fcbrigens sau lecker!) gem\u00fctlich zu schnacken, auch wenn ich es nicht zu allen geschafft habe.<\/p>\n<p>Die Extrastunde f\u00fcr die \u00dcbungsleiter war vielleicht anders als erwartet, aber hoffentlich eine Anregung, die \u00fcber das blo\u00dfe &#8220;Einigen-auf-eine-akzeptable-Form&#8221; hinausweist, sonst blieben wir doch eher im Nichtschwimmerbereich. Aber vielleicht hat ja der oder die eine oder andere noch einmal die eine oder andere R\u00fcckmeldung zu diesem Format und der konkreten Umsetzung. Das w\u00e4re jedenfalls f\u00fcr mich und sicher auch f\u00fcr Achim interessant.<\/p>\n<p>Der Sonntag war Bestandteilen des Kerncurriculums vorbehalten: \u00a0Tegumi und Taisabaki standen auf dem Programm. Vermutlich nichts neues, aber hier und da ein paar Details, die in der Summe eben doch f\u00fcr Qualit\u00e4tssteigerung sorgen.<\/p>\n<p>Ich jedenfalls w\u00fcnsche allen kranken gute Besserung, allen m\u00fcden mehr Schlaf, den gestressten Ruhe und uns allen mehr gemeinsames Training!<\/p>\n<p>Bis demn\u00e4chst in Chemnitz!<\/p>\n","protected":false},"excerpt":{"rendered":"<p>Fritzlar, die Einwohner halten es f\u00fcr bekannt, weil historisch belegt und damals wichtig(er). Nun ja, historische Bildungsl\u00fccke. Ich jedenfalls h\u00f6rte und h\u00f6re von Fritzlar nichts, es sei denn Achim kommuniziert von dort in den \u00fcblichen Medien. So bin ich da &hellip;<\/p>\n<p class=\"read-more\"> <a class=\"more-link\" href=\"https:\/\/www.ku-germany.de\/wordpress\/?p=819\"> <span class=\"screen-reader-text\">Fritzlar, 21.\/22. September 2013<\/span> Weiterlesen &raquo;<\/a><\/p>\n","protected":false},"author":2,"featured_media":0,"comment_status":"open","ping_status":"open","sticky":false,"template":"","format":"standard","meta":{"footnotes":""},"categories":[3],"tags":[],"class_list":["post-819","post","type-post","status-publish","format-standard","hentry","category-seminare"],"_links":{"self":[{"href":"https:\/\/www.ku-germany.de\/wordpress\/index.php?rest_route=\/wp\/v2\/posts\/819","targetHints":{"allow":["GET"]}}],"collection":[{"href":"https:\/\/www.ku-germany.de\/wordpress\/index.php?rest_route=\/wp\/v2\/posts"}],"about":[{"href":"https:\/\/www.ku-germany.de\/wordpress\/index.php?rest_route=\/wp\/v2\/types\/post"}],"author":[{"embeddable":true,"href":"https:\/\/www.ku-germany.de\/wordpress\/index.php?rest_route=\/wp\/v2\/users\/2"}],"replies":[{"embeddable":true,"href":"https:\/\/www.ku-germany.de\/wordpress\/index.php?rest_route=%2Fwp%2Fv2%2Fcomments&post=819"}],"version-history":[{"count":1,"href":"https:\/\/www.ku-germany.de\/wordpress\/index.php?rest_route=\/wp\/v2\/posts\/819\/revisions"}],"predecessor-version":[{"id":820,"href":"https:\/\/www.ku-germany.de\/wordpress\/index.php?rest_route=\/wp\/v2\/posts\/819\/revisions\/820"}],"wp:attachment":[{"href":"https:\/\/www.ku-germany.de\/wordpress\/index.php?rest_route=%2Fwp%2Fv2%2Fmedia&parent=819"}],"wp:term":[{"taxonomy":"category","embeddable":true,"href":"https:\/\/www.ku-germany.de\/wordpress\/index.php?rest_route=%2Fwp%2Fv2%2Fcategories&post=819"},{"taxonomy":"post_tag","embeddable":true,"href":"https:\/\/www.ku-germany.de\/wordpress\/index.php?rest_route=%2Fwp%2Fv2%2Ftags&post=819"}],"curies":[{"name":"wp","href":"https:\/\/api.w.org\/{rel}","templated":true}]}}