{"id":867,"date":"2013-11-20T19:17:00","date_gmt":"2013-11-20T18:17:00","guid":{"rendered":"http:\/\/www.ku-germany.de\/wordpress\/index.php\/?p=867"},"modified":"2013-12-29T21:18:57","modified_gmt":"2013-12-29T20:18:57","slug":"zittau-16-17-november-2013","status":"publish","type":"post","link":"https:\/\/www.ku-germany.de\/wordpress\/?p=867","title":{"rendered":"Zittau, 16.\/17. November 2013"},"content":{"rendered":"<p>Zittau &#8211; quasi am Ende der Welt, diesmal g\u00fcnstig gelegen, da ich am Montag ohnehin in Dresden auf der Matte, \u00e4hh vor der Tafel stehen musste. Einen genauen Bericht kann ich mir sparen, denn den gibt es aus sehr pers\u00f6nlicher Sicht von Katja, die noch relativ unvorbereitet und deswegen auch unvoreingenommen (?) auf das Wochenende zur\u00fcckgeblickt und ihre Gedanken unter dem Titel <a title=\"Seminarbericht Zittau\" href=\"http:\/\/otomo-zittau.de\/mein-erstes-seminar-bericht-zum-koryu-uchinadi-seminar-mit-olaf-krey\/\">&#8220;Mein erstes Seminar&#8221;<\/a> verschriftlicht hat. Vielen Dank, Katja.<\/p>\n<p>Au\u00dferdem haben sich auch <a title=\"Seminarberichte - Fury\u00fbkan \" href=\"http:\/\/www.furyu.de\/content\/02_furyu\/04_geschichte\/04_geschichte_seminarberichte_13_2013.html\" target=\"_blank\">Sascha und Angela auf den Seiten des Fury\u00fbkan<\/a> zu Wort\u00a0gemeldet &#8211; vielen Dank auch an euch.\u00a0Ein Dank geht au\u00dferdem an Thomas H\u00f6nel f\u00fcr die Organisation des Wochenendes und die Gastfreundschaft.<\/p>\n<figure id=\"attachment_868\" aria-describedby=\"caption-attachment-868\" style=\"width: 576px\" class=\"wp-caption alignnone\"><a href=\"http:\/\/www.ku-germany.de\/wordpress\/wp-content\/uploads\/image00.jpg\"><img loading=\"lazy\" decoding=\"async\" class=\" wp-image-868  \" alt=\"KU Seminar in Zittau 2013, Foto: Karateschule Otomo\" src=\"http:\/\/www.ku-germany.de\/wordpress\/wp-content\/uploads\/image00.jpg\" width=\"576\" height=\"384\" srcset=\"https:\/\/www.ku-germany.de\/wordpress\/wp-content\/uploads\/image00.jpg 1200w, https:\/\/www.ku-germany.de\/wordpress\/wp-content\/uploads\/image00-300x200.jpg 300w, https:\/\/www.ku-germany.de\/wordpress\/wp-content\/uploads\/image00-1024x682.jpg 1024w\" sizes=\"auto, (max-width: 576px) 100vw, 576px\" \/><\/a><figcaption id=\"caption-attachment-868\" class=\"wp-caption-text\">KU Seminar in Zittau 2013, Foto: Karateschule Otomo<\/figcaption><\/figure>\n<p>Sch\u00f6n war es auch Freunde aus der Tschechischen Republik und Polen zu treffen und den leckeren Wein bzw. die Speisen des Jolesch in netter Runde und intensiven Gespr\u00e4chen von Kunstkritikern oder zumindest Bildbeeindruckten zu genie\u00dfen. Und auch die Verpflegung in den Pausen verdient eine Erw\u00e4hnung &#8212; sehr lecker, die Weintrauben, Br\u00f6tchen, Salate, W\u00fcrstchen und vor allem der Kuchen!!<\/p>\n","protected":false},"excerpt":{"rendered":"<p>Zittau &#8211; quasi am Ende der Welt, diesmal g\u00fcnstig gelegen, da ich am Montag ohnehin in Dresden auf der Matte, \u00e4hh vor der Tafel stehen musste. Einen genauen Bericht kann ich mir sparen, denn den gibt es aus sehr pers\u00f6nlicher &hellip;<\/p>\n<p class=\"read-more\"> <a class=\"more-link\" href=\"https:\/\/www.ku-germany.de\/wordpress\/?p=867\"> <span class=\"screen-reader-text\">Zittau, 16.\/17. November 2013<\/span> Weiterlesen &raquo;<\/a><\/p>\n","protected":false},"author":2,"featured_media":0,"comment_status":"open","ping_status":"open","sticky":false,"template":"","format":"standard","meta":{"footnotes":""},"categories":[3],"tags":[],"class_list":["post-867","post","type-post","status-publish","format-standard","hentry","category-seminare"],"_links":{"self":[{"href":"https:\/\/www.ku-germany.de\/wordpress\/index.php?rest_route=\/wp\/v2\/posts\/867","targetHints":{"allow":["GET"]}}],"collection":[{"href":"https:\/\/www.ku-germany.de\/wordpress\/index.php?rest_route=\/wp\/v2\/posts"}],"about":[{"href":"https:\/\/www.ku-germany.de\/wordpress\/index.php?rest_route=\/wp\/v2\/types\/post"}],"author":[{"embeddable":true,"href":"https:\/\/www.ku-germany.de\/wordpress\/index.php?rest_route=\/wp\/v2\/users\/2"}],"replies":[{"embeddable":true,"href":"https:\/\/www.ku-germany.de\/wordpress\/index.php?rest_route=%2Fwp%2Fv2%2Fcomments&post=867"}],"version-history":[{"count":5,"href":"https:\/\/www.ku-germany.de\/wordpress\/index.php?rest_route=\/wp\/v2\/posts\/867\/revisions"}],"predecessor-version":[{"id":881,"href":"https:\/\/www.ku-germany.de\/wordpress\/index.php?rest_route=\/wp\/v2\/posts\/867\/revisions\/881"}],"wp:attachment":[{"href":"https:\/\/www.ku-germany.de\/wordpress\/index.php?rest_route=%2Fwp%2Fv2%2Fmedia&parent=867"}],"wp:term":[{"taxonomy":"category","embeddable":true,"href":"https:\/\/www.ku-germany.de\/wordpress\/index.php?rest_route=%2Fwp%2Fv2%2Fcategories&post=867"},{"taxonomy":"post_tag","embeddable":true,"href":"https:\/\/www.ku-germany.de\/wordpress\/index.php?rest_route=%2Fwp%2Fv2%2Ftags&post=867"}],"curies":[{"name":"wp","href":"https:\/\/api.w.org\/{rel}","templated":true}]}}